{"id":3595,"date":"2022-09-30T12:17:43","date_gmt":"2022-09-30T12:17:43","guid":{"rendered":"https:\/\/be-mine.be\/2022\/09\/30\/dimanche-des-mines-devenez-mineur-dun-jour-a-beringen\/"},"modified":"2024-02-28T20:58:25","modified_gmt":"2024-02-28T20:58:25","slug":"dimanche-des-mines-devenez-mineur-dun-jour-a-beringen","status":"publish","type":"post","link":"https:\/\/be-mine.be\/fr\/2022\/09\/30\/dimanche-des-mines-devenez-mineur-dun-jour-a-beringen\/","title":{"rendered":"Le dimanche des mines : devenez mineur pour une journ\u00e9e"},"content":{"rendered":"<style>.elementor-widget-divider{--divider-color:var( --e-global-color-secondary );}.elementor-widget-divider .elementor-divider__text{color:var( --e-global-color-secondary );font-family:var( --e-global-typography-secondary-font-family ), Sans-serif;font-weight:var( --e-global-typography-secondary-font-weight );}.elementor-widget-divider.elementor-view-stacked .elementor-icon{background-color:var( --e-global-color-secondary );}.elementor-widget-divider.elementor-view-framed .elementor-icon, .elementor-widget-divider.elementor-view-default .elementor-icon{color:var( --e-global-color-secondary );border-color:var( --e-global-color-secondary );}.elementor-widget-divider.elementor-view-framed .elementor-icon, .elementor-widget-divider.elementor-view-default .elementor-icon svg{fill:var( --e-global-color-secondary );}.elementor-3595 .elementor-element.elementor-element-bbfd75f{--divider-border-style:solid;--divider-color:var( --e-global-color-primary );--divider-border-width:4px;}.elementor-3595 .elementor-element.elementor-element-bbfd75f .elementor-divider-separator{width:100%;}.elementor-3595 .elementor-element.elementor-element-bbfd75f .elementor-divider{padding-block-start:15px;padding-block-end:15px;}.elementor-widget-image .widget-image-caption{color:var( --e-global-color-text );font-family:var( --e-global-typography-text-font-family ), Sans-serif;font-weight:var( --e-global-typography-text-font-weight );}.elementor-widget-text-editor{font-family:var( --e-global-typography-text-font-family ), Sans-serif;font-weight:var( --e-global-typography-text-font-weight );color:var( --e-global-color-text );}.elementor-widget-text-editor.elementor-drop-cap-view-stacked .elementor-drop-cap{background-color:var( --e-global-color-primary );}.elementor-widget-text-editor.elementor-drop-cap-view-framed .elementor-drop-cap, .elementor-widget-text-editor.elementor-drop-cap-view-default .elementor-drop-cap{color:var( --e-global-color-primary );border-color:var( --e-global-color-primary );}<\/style>\t\t<div data-elementor-type=\"wp-post\" data-elementor-id=\"3595\" class=\"elementor elementor-3595 elementor-1804\" data-elementor-post-type=\"post\">\n\t\t\t\t\t\t<section class=\"elementor-section elementor-top-section elementor-element elementor-element-1e512dc elementor-section-boxed elementor-section-height-default elementor-section-height-default\" data-id=\"1e512dc\" data-element_type=\"section\" data-e-type=\"section\">\n\t\t\t\t\t\t<div class=\"elementor-container elementor-column-gap-default\">\n\t\t\t\t\t<div class=\"elementor-column elementor-col-100 elementor-top-column elementor-element elementor-element-1e46138\" data-id=\"1e46138\" data-element_type=\"column\" data-e-type=\"column\">\n\t\t\t<div class=\"elementor-widget-wrap elementor-element-populated\">\n\t\t\t\t\t\t<div class=\"elementor-element elementor-element-bbfd75f elementor-widget-divider--view-line elementor-widget elementor-widget-divider\" data-id=\"bbfd75f\" data-element_type=\"widget\" data-e-type=\"widget\" data-widget_type=\"divider.default\">\n\t\t\t\t<div class=\"elementor-widget-container\">\n\t\t\t\t\t\t\t<div class=\"elementor-divider\">\n\t\t\t<span class=\"elementor-divider-separator\">\n\t\t\t\t\t\t<\/span>\n\t\t<\/div>\n\t\t\t\t\t\t<\/div>\n\t\t\t\t<\/div>\n\t\t\t\t\t<\/div>\n\t\t<\/div>\n\t\t\t\t\t<\/div>\n\t\t<\/section>\n\t\t\t\t<section class=\"elementor-section elementor-top-section elementor-element elementor-element-907bd70 elementor-section-boxed elementor-section-height-default elementor-section-height-default\" data-id=\"907bd70\" data-element_type=\"section\" data-e-type=\"section\">\n\t\t\t\t\t\t<div class=\"elementor-container elementor-column-gap-default\">\n\t\t\t\t\t<div class=\"elementor-column elementor-col-50 elementor-top-column elementor-element elementor-element-3dfc5da\" data-id=\"3dfc5da\" data-element_type=\"column\" data-e-type=\"column\">\n\t\t\t<div class=\"elementor-widget-wrap elementor-element-populated\">\n\t\t\t\t\t\t<div class=\"elementor-element elementor-element-66cbbad elementor-widget elementor-widget-image\" data-id=\"66cbbad\" data-element_type=\"widget\" data-e-type=\"widget\" data-widget_type=\"image.default\">\n\t\t\t\t<div class=\"elementor-widget-container\">\n\t\t\t\t\t\t\t\t\t\t\t\t\t\t\t<img fetchpriority=\"high\" decoding=\"async\" width=\"800\" height=\"534\" src=\"https:\/\/be-mine.be\/wp-content\/uploads\/2022\/09\/277510764_4994368703975128_3092909251315162094_n-1024x683.jpg\" class=\"attachment-large size-large wp-image-3427\" alt=\"\" srcset=\"https:\/\/be-mine.be\/wp-content\/uploads\/2022\/09\/277510764_4994368703975128_3092909251315162094_n-1024x683.jpg 1024w, https:\/\/be-mine.be\/wp-content\/uploads\/2022\/09\/277510764_4994368703975128_3092909251315162094_n-300x200.jpg 300w, https:\/\/be-mine.be\/wp-content\/uploads\/2022\/09\/277510764_4994368703975128_3092909251315162094_n-768x512.jpg 768w, https:\/\/be-mine.be\/wp-content\/uploads\/2022\/09\/277510764_4994368703975128_3092909251315162094_n-1536x1024.jpg 1536w, https:\/\/be-mine.be\/wp-content\/uploads\/2022\/09\/277510764_4994368703975128_3092909251315162094_n.jpg 2048w\" sizes=\"(max-width: 800px) 100vw, 800px\" \/>\t\t\t\t\t\t\t\t\t\t\t\t\t\t\t<\/div>\n\t\t\t\t<\/div>\n\t\t\t\t\t<\/div>\n\t\t<\/div>\n\t\t\t\t<div class=\"elementor-column elementor-col-50 elementor-top-column elementor-element elementor-element-cfc81cc\" data-id=\"cfc81cc\" data-element_type=\"column\" data-e-type=\"column\">\n\t\t\t<div class=\"elementor-widget-wrap elementor-element-populated\">\n\t\t\t\t\t\t<div class=\"elementor-element elementor-element-569a7d3 elementor-widget elementor-widget-text-editor\" data-id=\"569a7d3\" data-element_type=\"widget\" data-e-type=\"widget\" data-widget_type=\"text-editor.default\">\n\t\t\t\t<div class=\"elementor-widget-container\">\n\t\t\t\t\t\t\t\t\t<p><span style=\"font-weight: bolder;\">Devenez \u00ab\u00a0mineur d&rsquo;un jour\u00a0\u00bb au mus\u00e9e des mines de Beringen pendant les dimanches de la mine.<\/span><span style=\"font-weight: bolder;\">es dimanches miniers<\/span><\/p>\n<p>Au cours de cette excursion unique  <span style=\"font-weight: bolder;\">vous d\u00e9couvrirez<\/span>  en petits groupes et guid\u00e9s par un ancien mineur,  <span style=\"font-weight: bolder;\">de nombreuses pi\u00e8ces des b\u00e2timents historiques qui restent normalement ferm\u00e9es aux visiteurs individuels !<\/span>  Regardez derri\u00e8re les murs de notre salle de bains et de notre salle des salaires, et d\u00e9couvrez o\u00f9 des milliers de mineurs recevaient leur paie en m\u00eame temps, o\u00f9 ils se lavaient le dos les uns les autres, o\u00f9 ils laissaient s\u00e9cher leurs sacs de couchage d\u00e9tremp\u00e9s. La visite se poursuit par la salle des plans, la salle des rapports, la salle de sauvetage et le \u00ab\u00a0bureau du directeur\u00a0\u00bb.<\/p>\n<p><span style=\"font-weight: bolder;\">Ambiance authentique et inoubliable<\/span>, car la plupart de nos guides sont d&rsquo;anciens mineurs.<br>Qui de mieux que quelqu&rsquo;un qui l&rsquo;a v\u00e9cu lui-m\u00eame pour le raconter en couleurs ?  <\/p>\t\t\t\t\t\t\t\t<\/div>\n\t\t\t\t<\/div>\n\t\t\t\t\t<\/div>\n\t\t<\/div>\n\t\t\t\t\t<\/div>\n\t\t<\/section>\n\t\t\t\t<section class=\"elementor-section elementor-top-section elementor-element elementor-element-3336bfcb elementor-section-boxed elementor-section-height-default elementor-section-height-default\" data-id=\"3336bfcb\" data-element_type=\"section\" data-e-type=\"section\">\n\t\t\t\t\t\t<div class=\"elementor-container elementor-column-gap-default\">\n\t\t\t\t\t<div class=\"elementor-column elementor-col-100 elementor-top-column elementor-element elementor-element-5fb0cbc5\" data-id=\"5fb0cbc5\" data-element_type=\"column\" data-e-type=\"column\">\n\t\t\t<div class=\"elementor-widget-wrap elementor-element-populated\">\n\t\t\t\t\t\t<div class=\"elementor-element elementor-element-7ebc941b elementor-widget elementor-widget-text-editor\" data-id=\"7ebc941b\" data-element_type=\"widget\" data-e-type=\"widget\" data-widget_type=\"text-editor.default\">\n\t\t\t\t<div class=\"elementor-widget-container\">\n\t\t\t\t\t\t\t\t\t<p><b>Pratique<\/b><\/p>\n<p>&#8211; Dur\u00e9e de la visite : 2 heures.<br>&#8211; R\u00e9servation obligatoire : 011 42 15 52 ou &#x74;&#111;&#x65;&#114;i&#x73;&#109;e&#x40;&#98;&#x65;&#x72;i&#x6e;&#103;e&#x6e;&#46;&#x62;&#x65;.<br>&#8211; Inscrivez-vous au bureau de l&rsquo;Office du tourisme (juste apr\u00e8s le mus\u00e9e de la mine).<br><span style=\"color: var( --e-global-color-text ); font-family: var( --e-global-typography-text-font-family ), Sans-serif; font-weight: var( --e-global-typography-text-font-weight ); font-size: 1rem;\">&#8211;<\/span><span style=\"color: var( --e-global-color-text ); font-family: var( --e-global-typography-text-font-family ), Sans-serif; font-weight: var( --e-global-typography-text-font-weight ); font-size: 1rem;\">&nbsp;Tous les premiers dimanches du mois de mars \u00e0 novembre<\/span><\/p>\n<p>* Veuillez noter que, pendant les dimanches de la mine, une visite individuelle \u00e0 la<br>simulation souterraine \u00e0 11 heures, 13 heures et 15 heures non possible<\/p>\t\t\t\t\t\t\t\t<\/div>\n\t\t\t\t<\/div>\n\t\t\t\t\t<\/div>\n\t\t<\/div>\n\t\t\t\t\t<\/div>\n\t\t<\/section>\n\t\t\t\t<\/div>\n\t\t","protected":false},"excerpt":{"rendered":"<p>Devenez \u00ab\u00a0mineur d&rsquo;un jour\u00a0\u00bb au mus\u00e9e des mines de Beringen pendant les dimanches de la mine.es dimanches miniers Au cours de cette excursion unique vous d\u00e9couvrirez en petits groupes et [&hellip;]<\/p>\n","protected":false},"author":1,"featured_media":3037,"comment_status":"closed","ping_status":"closed","sticky":true,"template":"","format":"standard","meta":{"_monsterinsights_skip_tracking":false,"_monsterinsights_sitenote_active":false,"_monsterinsights_sitenote_note":"","_monsterinsights_sitenote_category":0,"footnotes":""},"categories":[41],"tags":[],"class_list":["post-3595","post","type-post","status-publish","format-standard","has-post-thumbnail","hentry","category-experience-fr"],"yoast_head":"<!-- This site is optimized with the Yoast SEO plugin v27.3 - https:\/\/yoast.com\/product\/yoast-seo-wordpress\/ -->\n<title>Le dimanche des mines : devenez mineur pour une journ\u00e9e - be-MINE<\/title>\n<meta name=\"description\" content=\"Devenez &quot;mineur d&#039;un jour&quot; au mus\u00e9e de la mine de Beringen lors des dimanches de la mine.\" \/>\n<meta name=\"robots\" content=\"index, follow, max-snippet:-1, max-image-preview:large, max-video-preview:-1\" \/>\n<link rel=\"canonical\" href=\"https:\/\/be-mine.be\/2022\/09\/30\/mijnzondag-word-mijnwerker-voor-een-dag-in-beringen\/\" \/>\n<meta property=\"og:locale\" content=\"fr_FR\" \/>\n<meta property=\"og:type\" content=\"article\" \/>\n<meta property=\"og:title\" content=\"Le dimanche des mines : devenez mineur pour une journ\u00e9e - be-MINE\" \/>\n<meta property=\"og:description\" content=\"Devenez &quot;mineur d&#039;un jour&quot; au mus\u00e9e de la mine de Beringen lors des dimanches de la mine.\" \/>\n<meta property=\"og:url\" content=\"https:\/\/be-mine.be\/2022\/09\/30\/mijnzondag-word-mijnwerker-voor-een-dag-in-beringen\/\" \/>\n<meta property=\"og:site_name\" content=\"Be-mine\" \/>\n<meta property=\"article:published_time\" content=\"2022-09-30T12:17:43+00:00\" \/>\n<meta property=\"article:modified_time\" content=\"2024-02-28T20:58:25+00:00\" \/>\n<meta property=\"og:image\" content=\"https:\/\/be-mine.be\/wp-content\/uploads\/2022\/09\/277510764_4994368703975128_3092909251315162094_n.jpg\" \/>\n\t<meta property=\"og:image:width\" content=\"2048\" \/>\n\t<meta property=\"og:image:height\" content=\"1365\" \/>\n\t<meta property=\"og:image:type\" content=\"image\/jpeg\" \/>\n<meta name=\"author\" content=\"charbadmin\" \/>\n<meta name=\"twitter:card\" content=\"summary_large_image\" \/>\n<meta name=\"twitter:label1\" content=\"\u00c9crit par\" \/>\n\t<meta name=\"twitter:data1\" content=\"charbadmin\" \/>\n\t<meta name=\"twitter:label2\" content=\"Dur\u00e9e de lecture estim\u00e9e\" \/>\n\t<meta name=\"twitter:data2\" content=\"1 minute\" \/>\n<script type=\"application\/ld+json\" class=\"yoast-schema-graph\">{\"@context\":\"https:\\\/\\\/schema.org\",\"@graph\":[{\"@type\":\"Article\",\"@id\":\"https:\\\/\\\/be-mine.be\\\/2022\\\/09\\\/30\\\/mijnzondag-word-mijnwerker-voor-een-dag-in-beringen\\\/#article\",\"isPartOf\":{\"@id\":\"https:\\\/\\\/be-mine.be\\\/2022\\\/09\\\/30\\\/mijnzondag-word-mijnwerker-voor-een-dag-in-beringen\\\/\"},\"author\":{\"name\":\"charbadmin\",\"@id\":\"https:\\\/\\\/be-mine.be\\\/#\\\/schema\\\/person\\\/b29a115763dbe8c01e66fa12ffa59303\"},\"headline\":\"Le dimanche des mines : devenez mineur pour une journ\u00e9e\",\"datePublished\":\"2022-09-30T12:17:43+00:00\",\"dateModified\":\"2024-02-28T20:58:25+00:00\",\"mainEntityOfPage\":{\"@id\":\"https:\\\/\\\/be-mine.be\\\/2022\\\/09\\\/30\\\/mijnzondag-word-mijnwerker-voor-een-dag-in-beringen\\\/\"},\"wordCount\":238,\"publisher\":{\"@id\":\"https:\\\/\\\/be-mine.be\\\/#organization\"},\"image\":{\"@id\":\"https:\\\/\\\/be-mine.be\\\/2022\\\/09\\\/30\\\/mijnzondag-word-mijnwerker-voor-een-dag-in-beringen\\\/#primaryimage\"},\"thumbnailUrl\":\"https:\\\/\\\/be-mine.be\\\/wp-content\\\/uploads\\\/2022\\\/04\\\/Dirk-Dekens-0495-12-07-83-laplander@telenet.be-DSC05291-scaled.jpg\",\"articleSection\":[\"Exp\u00e9rience\"],\"inLanguage\":\"fr-FR\"},{\"@type\":\"WebPage\",\"@id\":\"https:\\\/\\\/be-mine.be\\\/2022\\\/09\\\/30\\\/mijnzondag-word-mijnwerker-voor-een-dag-in-beringen\\\/\",\"url\":\"https:\\\/\\\/be-mine.be\\\/2022\\\/09\\\/30\\\/mijnzondag-word-mijnwerker-voor-een-dag-in-beringen\\\/\",\"name\":\"Le dimanche des mines : devenez mineur pour une journ\u00e9e - be-MINE\",\"isPartOf\":{\"@id\":\"https:\\\/\\\/be-mine.be\\\/#website\"},\"primaryImageOfPage\":{\"@id\":\"https:\\\/\\\/be-mine.be\\\/2022\\\/09\\\/30\\\/mijnzondag-word-mijnwerker-voor-een-dag-in-beringen\\\/#primaryimage\"},\"image\":{\"@id\":\"https:\\\/\\\/be-mine.be\\\/2022\\\/09\\\/30\\\/mijnzondag-word-mijnwerker-voor-een-dag-in-beringen\\\/#primaryimage\"},\"thumbnailUrl\":\"https:\\\/\\\/be-mine.be\\\/wp-content\\\/uploads\\\/2022\\\/04\\\/Dirk-Dekens-0495-12-07-83-laplander@telenet.be-DSC05291-scaled.jpg\",\"datePublished\":\"2022-09-30T12:17:43+00:00\",\"dateModified\":\"2024-02-28T20:58:25+00:00\",\"description\":\"Devenez \\\"mineur d'un jour\\\" au mus\u00e9e de la mine de Beringen lors des dimanches de la mine.\",\"inLanguage\":\"fr-FR\",\"potentialAction\":[{\"@type\":\"ReadAction\",\"target\":[\"https:\\\/\\\/be-mine.be\\\/2022\\\/09\\\/30\\\/mijnzondag-word-mijnwerker-voor-een-dag-in-beringen\\\/\"]}]},{\"@type\":\"ImageObject\",\"inLanguage\":\"fr-FR\",\"@id\":\"https:\\\/\\\/be-mine.be\\\/2022\\\/09\\\/30\\\/mijnzondag-word-mijnwerker-voor-een-dag-in-beringen\\\/#primaryimage\",\"url\":\"https:\\\/\\\/be-mine.be\\\/wp-content\\\/uploads\\\/2022\\\/04\\\/Dirk-Dekens-0495-12-07-83-laplander@telenet.be-DSC05291-scaled.jpg\",\"contentUrl\":\"https:\\\/\\\/be-mine.be\\\/wp-content\\\/uploads\\\/2022\\\/04\\\/Dirk-Dekens-0495-12-07-83-laplander@telenet.be-DSC05291-scaled.jpg\",\"width\":2560,\"height\":1440},{\"@type\":\"WebSite\",\"@id\":\"https:\\\/\\\/be-mine.be\\\/#website\",\"url\":\"https:\\\/\\\/be-mine.be\\\/\",\"name\":\"Be-mine\",\"description\":\"\",\"publisher\":{\"@id\":\"https:\\\/\\\/be-mine.be\\\/#organization\"},\"potentialAction\":[{\"@type\":\"SearchAction\",\"target\":{\"@type\":\"EntryPoint\",\"urlTemplate\":\"https:\\\/\\\/be-mine.be\\\/?s={search_term_string}\"},\"query-input\":{\"@type\":\"PropertyValueSpecification\",\"valueRequired\":true,\"valueName\":\"search_term_string\"}}],\"inLanguage\":\"fr-FR\"},{\"@type\":\"Organization\",\"@id\":\"https:\\\/\\\/be-mine.be\\\/#organization\",\"name\":\"Be-mine\",\"url\":\"https:\\\/\\\/be-mine.be\\\/\",\"logo\":{\"@type\":\"ImageObject\",\"inLanguage\":\"fr-FR\",\"@id\":\"https:\\\/\\\/be-mine.be\\\/#\\\/schema\\\/logo\\\/image\\\/\",\"url\":\"https:\\\/\\\/be-mine.be\\\/wp-content\\\/uploads\\\/2022\\\/03\\\/cropped-BM_logo-Q-1-e1647296746974.png\",\"contentUrl\":\"https:\\\/\\\/be-mine.be\\\/wp-content\\\/uploads\\\/2022\\\/03\\\/cropped-BM_logo-Q-1-e1647296746974.png\",\"width\":271,\"height\":100,\"caption\":\"Be-mine\"},\"image\":{\"@id\":\"https:\\\/\\\/be-mine.be\\\/#\\\/schema\\\/logo\\\/image\\\/\"}},{\"@type\":\"Person\",\"@id\":\"https:\\\/\\\/be-mine.be\\\/#\\\/schema\\\/person\\\/b29a115763dbe8c01e66fa12ffa59303\",\"name\":\"charbadmin\",\"image\":{\"@type\":\"ImageObject\",\"inLanguage\":\"fr-FR\",\"@id\":\"https:\\\/\\\/secure.gravatar.com\\\/avatar\\\/2d31491877d8b5f29ff5e1e8680bdc4f8692d2df64f3f604092cda57e2a31400?s=96&d=mm&r=g\",\"url\":\"https:\\\/\\\/secure.gravatar.com\\\/avatar\\\/2d31491877d8b5f29ff5e1e8680bdc4f8692d2df64f3f604092cda57e2a31400?s=96&d=mm&r=g\",\"contentUrl\":\"https:\\\/\\\/secure.gravatar.com\\\/avatar\\\/2d31491877d8b5f29ff5e1e8680bdc4f8692d2df64f3f604092cda57e2a31400?s=96&d=mm&r=g\",\"caption\":\"charbadmin\"},\"sameAs\":[\"https:\\\/\\\/be-mine.be\"],\"url\":\"https:\\\/\\\/be-mine.be\\\/fr\\\/author\\\/charbadmin\\\/\"}]}<\/script>\n<!-- \/ Yoast SEO plugin. -->","yoast_head_json":{"title":"Le dimanche des mines : devenez mineur pour une journ\u00e9e - be-MINE","description":"Devenez \"mineur d'un jour\" au mus\u00e9e de la mine de Beringen lors des dimanches de la mine.","robots":{"index":"index","follow":"follow","max-snippet":"max-snippet:-1","max-image-preview":"max-image-preview:large","max-video-preview":"max-video-preview:-1"},"canonical":"https:\/\/be-mine.be\/2022\/09\/30\/mijnzondag-word-mijnwerker-voor-een-dag-in-beringen\/","og_locale":"fr_FR","og_type":"article","og_title":"Le dimanche des mines : devenez mineur pour une journ\u00e9e - be-MINE","og_description":"Devenez \"mineur d'un jour\" au mus\u00e9e de la mine de Beringen lors des dimanches de la mine.","og_url":"https:\/\/be-mine.be\/2022\/09\/30\/mijnzondag-word-mijnwerker-voor-een-dag-in-beringen\/","og_site_name":"Be-mine","article_published_time":"2022-09-30T12:17:43+00:00","article_modified_time":"2024-02-28T20:58:25+00:00","og_image":[{"width":2048,"height":1365,"url":"https:\/\/be-mine.be\/wp-content\/uploads\/2022\/09\/277510764_4994368703975128_3092909251315162094_n.jpg","type":"image\/jpeg"}],"author":"charbadmin","twitter_card":"summary_large_image","twitter_misc":{"\u00c9crit par":"charbadmin","Dur\u00e9e de lecture estim\u00e9e":"1 minute"},"schema":{"@context":"https:\/\/schema.org","@graph":[{"@type":"Article","@id":"https:\/\/be-mine.be\/2022\/09\/30\/mijnzondag-word-mijnwerker-voor-een-dag-in-beringen\/#article","isPartOf":{"@id":"https:\/\/be-mine.be\/2022\/09\/30\/mijnzondag-word-mijnwerker-voor-een-dag-in-beringen\/"},"author":{"name":"charbadmin","@id":"https:\/\/be-mine.be\/#\/schema\/person\/b29a115763dbe8c01e66fa12ffa59303"},"headline":"Le dimanche des mines : devenez mineur pour une journ\u00e9e","datePublished":"2022-09-30T12:17:43+00:00","dateModified":"2024-02-28T20:58:25+00:00","mainEntityOfPage":{"@id":"https:\/\/be-mine.be\/2022\/09\/30\/mijnzondag-word-mijnwerker-voor-een-dag-in-beringen\/"},"wordCount":238,"publisher":{"@id":"https:\/\/be-mine.be\/#organization"},"image":{"@id":"https:\/\/be-mine.be\/2022\/09\/30\/mijnzondag-word-mijnwerker-voor-een-dag-in-beringen\/#primaryimage"},"thumbnailUrl":"https:\/\/be-mine.be\/wp-content\/uploads\/2022\/04\/Dirk-Dekens-0495-12-07-83-laplander@telenet.be-DSC05291-scaled.jpg","articleSection":["Exp\u00e9rience"],"inLanguage":"fr-FR"},{"@type":"WebPage","@id":"https:\/\/be-mine.be\/2022\/09\/30\/mijnzondag-word-mijnwerker-voor-een-dag-in-beringen\/","url":"https:\/\/be-mine.be\/2022\/09\/30\/mijnzondag-word-mijnwerker-voor-een-dag-in-beringen\/","name":"Le dimanche des mines : devenez mineur pour une journ\u00e9e - be-MINE","isPartOf":{"@id":"https:\/\/be-mine.be\/#website"},"primaryImageOfPage":{"@id":"https:\/\/be-mine.be\/2022\/09\/30\/mijnzondag-word-mijnwerker-voor-een-dag-in-beringen\/#primaryimage"},"image":{"@id":"https:\/\/be-mine.be\/2022\/09\/30\/mijnzondag-word-mijnwerker-voor-een-dag-in-beringen\/#primaryimage"},"thumbnailUrl":"https:\/\/be-mine.be\/wp-content\/uploads\/2022\/04\/Dirk-Dekens-0495-12-07-83-laplander@telenet.be-DSC05291-scaled.jpg","datePublished":"2022-09-30T12:17:43+00:00","dateModified":"2024-02-28T20:58:25+00:00","description":"Devenez \"mineur d'un jour\" au mus\u00e9e de la mine de Beringen lors des dimanches de la mine.","inLanguage":"fr-FR","potentialAction":[{"@type":"ReadAction","target":["https:\/\/be-mine.be\/2022\/09\/30\/mijnzondag-word-mijnwerker-voor-een-dag-in-beringen\/"]}]},{"@type":"ImageObject","inLanguage":"fr-FR","@id":"https:\/\/be-mine.be\/2022\/09\/30\/mijnzondag-word-mijnwerker-voor-een-dag-in-beringen\/#primaryimage","url":"https:\/\/be-mine.be\/wp-content\/uploads\/2022\/04\/Dirk-Dekens-0495-12-07-83-laplander@telenet.be-DSC05291-scaled.jpg","contentUrl":"https:\/\/be-mine.be\/wp-content\/uploads\/2022\/04\/Dirk-Dekens-0495-12-07-83-laplander@telenet.be-DSC05291-scaled.jpg","width":2560,"height":1440},{"@type":"WebSite","@id":"https:\/\/be-mine.be\/#website","url":"https:\/\/be-mine.be\/","name":"Be-mine","description":"","publisher":{"@id":"https:\/\/be-mine.be\/#organization"},"potentialAction":[{"@type":"SearchAction","target":{"@type":"EntryPoint","urlTemplate":"https:\/\/be-mine.be\/?s={search_term_string}"},"query-input":{"@type":"PropertyValueSpecification","valueRequired":true,"valueName":"search_term_string"}}],"inLanguage":"fr-FR"},{"@type":"Organization","@id":"https:\/\/be-mine.be\/#organization","name":"Be-mine","url":"https:\/\/be-mine.be\/","logo":{"@type":"ImageObject","inLanguage":"fr-FR","@id":"https:\/\/be-mine.be\/#\/schema\/logo\/image\/","url":"https:\/\/be-mine.be\/wp-content\/uploads\/2022\/03\/cropped-BM_logo-Q-1-e1647296746974.png","contentUrl":"https:\/\/be-mine.be\/wp-content\/uploads\/2022\/03\/cropped-BM_logo-Q-1-e1647296746974.png","width":271,"height":100,"caption":"Be-mine"},"image":{"@id":"https:\/\/be-mine.be\/#\/schema\/logo\/image\/"}},{"@type":"Person","@id":"https:\/\/be-mine.be\/#\/schema\/person\/b29a115763dbe8c01e66fa12ffa59303","name":"charbadmin","image":{"@type":"ImageObject","inLanguage":"fr-FR","@id":"https:\/\/secure.gravatar.com\/avatar\/2d31491877d8b5f29ff5e1e8680bdc4f8692d2df64f3f604092cda57e2a31400?s=96&d=mm&r=g","url":"https:\/\/secure.gravatar.com\/avatar\/2d31491877d8b5f29ff5e1e8680bdc4f8692d2df64f3f604092cda57e2a31400?s=96&d=mm&r=g","contentUrl":"https:\/\/secure.gravatar.com\/avatar\/2d31491877d8b5f29ff5e1e8680bdc4f8692d2df64f3f604092cda57e2a31400?s=96&d=mm&r=g","caption":"charbadmin"},"sameAs":["https:\/\/be-mine.be"],"url":"https:\/\/be-mine.be\/fr\/author\/charbadmin\/"}]}},"_links":{"self":[{"href":"https:\/\/be-mine.be\/fr\/wp-json\/wp\/v2\/posts\/3595","targetHints":{"allow":["GET"]}}],"collection":[{"href":"https:\/\/be-mine.be\/fr\/wp-json\/wp\/v2\/posts"}],"about":[{"href":"https:\/\/be-mine.be\/fr\/wp-json\/wp\/v2\/types\/post"}],"author":[{"embeddable":true,"href":"https:\/\/be-mine.be\/fr\/wp-json\/wp\/v2\/users\/1"}],"replies":[{"embeddable":true,"href":"https:\/\/be-mine.be\/fr\/wp-json\/wp\/v2\/comments?post=3595"}],"version-history":[{"count":10,"href":"https:\/\/be-mine.be\/fr\/wp-json\/wp\/v2\/posts\/3595\/revisions"}],"predecessor-version":[{"id":6563,"href":"https:\/\/be-mine.be\/fr\/wp-json\/wp\/v2\/posts\/3595\/revisions\/6563"}],"wp:featuredmedia":[{"embeddable":true,"href":"https:\/\/be-mine.be\/fr\/wp-json\/wp\/v2\/media\/3037"}],"wp:attachment":[{"href":"https:\/\/be-mine.be\/fr\/wp-json\/wp\/v2\/media?parent=3595"}],"wp:term":[{"taxonomy":"category","embeddable":true,"href":"https:\/\/be-mine.be\/fr\/wp-json\/wp\/v2\/categories?post=3595"},{"taxonomy":"post_tag","embeddable":true,"href":"https:\/\/be-mine.be\/fr\/wp-json\/wp\/v2\/tags?post=3595"}],"curies":[{"name":"wp","href":"https:\/\/api.w.org\/{rel}","templated":true}]}}